{"id":2186,"date":"2025-12-19T10:01:46","date_gmt":"2025-12-19T09:01:46","guid":{"rendered":"https:\/\/www.josefschule-gladbeck.de\/?p=2186"},"modified":"2025-12-19T10:02:10","modified_gmt":"2025-12-19T09:02:10","slug":"mit-guten-wuenschen-in-die-weihnachtszeit-und-ins-jahr-2026","status":"publish","type":"post","link":"https:\/\/www.josefschule-gladbeck.de\/index.php\/2025\/12\/19\/mit-guten-wuenschen-in-die-weihnachtszeit-und-ins-jahr-2026\/","title":{"rendered":"Mit guten W\u00fcnschen in die Weihnachtszeit und ins Jahr 2026\ud83c\udf84\u2728"},"content":{"rendered":"\n<p>Mit dem heutigen Gottesdienst verabschieden wir uns gemeinsam aus diesem Jahr. In einer ruhigen und feierlichen Atmosph\u00e4re haben wir innegehalten, Danke gesagt und uns auf die Weihnachtszeit eingestimmt. Der Gottesdienst bot Raum f\u00fcr Gemeinschaft, Besinnung und Hoffnung und war ein sch\u00f6ner Abschluss eines ereignisreichen Jahres.<\/p>\n\n\n\n<p>Von Herzen w\u00fcnschen\u00a0<strong>die Josefkis<\/strong>\u00a0allen Familien ein gesegnetes und friedvolles Weihnachtsfest \ud83c\udf84, erholsame Feiertage im Kreis der Liebsten sowie Zeit f\u00fcr Ruhe, W\u00e4rme und sch\u00f6ne gemeinsame Momente. F\u00fcr das kommende Jahr w\u00fcnschen wir Gesundheit, Zuversicht und einen guten Start ins neue Jahr \ud83c\udf40\u2728.<\/p>\n\n\n\n<p>Wir freuen uns auf ein Wiedersehen im neuen Jahr!<\/p>\n","protected":false},"excerpt":{"rendered":"<p>Mit dem heutigen Gottesdienst verabschieden wir uns gemeinsam aus diesem Jahr. In einer ruhigen und feierlichen Atmosph\u00e4re haben wir innegehalten, Danke gesagt und uns auf die Weihnachtszeit eingestimmt. Der Gottesdienst bot Raum f\u00fcr Gemeinschaft, Besinnung und Hoffnung und war ein sch\u00f6ner Abschluss eines ereignisreichen Jahres. Von Herzen w\u00fcnschen\u00a0die Josefkis\u00a0allen Familien ein gesegnetes und friedvolles Weihnachtsfest [&hellip;]<\/p>\n","protected":false},"author":3,"featured_media":2187,"comment_status":"open","ping_status":"closed","sticky":false,"template":"","format":"standard","meta":{"footnotes":""},"categories":[9],"tags":[],"class_list":["post-2186","post","type-post","status-publish","format-standard","has-post-thumbnail","hentry","category-aus-dem-buero"],"_links":{"self":[{"href":"https:\/\/www.josefschule-gladbeck.de\/index.php\/wp-json\/wp\/v2\/posts\/2186","targetHints":{"allow":["GET"]}}],"collection":[{"href":"https:\/\/www.josefschule-gladbeck.de\/index.php\/wp-json\/wp\/v2\/posts"}],"about":[{"href":"https:\/\/www.josefschule-gladbeck.de\/index.php\/wp-json\/wp\/v2\/types\/post"}],"author":[{"embeddable":true,"href":"https:\/\/www.josefschule-gladbeck.de\/index.php\/wp-json\/wp\/v2\/users\/3"}],"replies":[{"embeddable":true,"href":"https:\/\/www.josefschule-gladbeck.de\/index.php\/wp-json\/wp\/v2\/comments?post=2186"}],"version-history":[{"count":1,"href":"https:\/\/www.josefschule-gladbeck.de\/index.php\/wp-json\/wp\/v2\/posts\/2186\/revisions"}],"predecessor-version":[{"id":2188,"href":"https:\/\/www.josefschule-gladbeck.de\/index.php\/wp-json\/wp\/v2\/posts\/2186\/revisions\/2188"}],"wp:featuredmedia":[{"embeddable":true,"href":"https:\/\/www.josefschule-gladbeck.de\/index.php\/wp-json\/wp\/v2\/media\/2187"}],"wp:attachment":[{"href":"https:\/\/www.josefschule-gladbeck.de\/index.php\/wp-json\/wp\/v2\/media?parent=2186"}],"wp:term":[{"taxonomy":"category","embeddable":true,"href":"https:\/\/www.josefschule-gladbeck.de\/index.php\/wp-json\/wp\/v2\/categories?post=2186"},{"taxonomy":"post_tag","embeddable":true,"href":"https:\/\/www.josefschule-gladbeck.de\/index.php\/wp-json\/wp\/v2\/tags?post=2186"}],"curies":[{"name":"wp","href":"https:\/\/api.w.org\/{rel}","templated":true}]}}